{"id":14842,"date":"2024-04-13T21:00:00","date_gmt":"2024-04-13T19:00:00","guid":{"rendered":"https:\/\/artestruttura.it\/?p=14842"},"modified":"2024-07-26T18:29:22","modified_gmt":"2024-07-26T16:29:22","slug":"le-vie-di-leonardo-da-vinci","status":"publish","type":"post","link":"https:\/\/artestruttura.it\/en\/le-vie-di-leonardo-da-vinci\/","title":{"rendered":"LE VIE DI LEONARDO DA VINCI"},"content":{"rendered":"<div data-elementor-type=\"wp-post\" data-elementor-id=\"14842\" class=\"elementor elementor-14842\" data-elementor-post-type=\"post\">\n\t\t\t\t\t\t<section class=\"elementor-section elementor-top-section elementor-element elementor-element-23afbfb elementor-section-full_width elementor-section-height-default elementor-section-height-default\" data-id=\"23afbfb\" data-element_type=\"section\" data-e-type=\"section\" data-settings=\"{&quot;background_background&quot;:&quot;classic&quot;}\">\n\t\t\t\t\t\t<div class=\"elementor-container elementor-column-gap-default\">\n\t\t\t\t\t<div class=\"elementor-column elementor-col-100 elementor-top-column elementor-element elementor-element-12ff76a\" data-id=\"12ff76a\" data-element_type=\"column\" data-e-type=\"column\">\n\t\t\t<div class=\"elementor-widget-wrap elementor-element-populated\">\n\t\t\t\t\t\t<div class=\"elementor-element elementor-element-f407418 elementor-widget elementor-widget-heading\" data-id=\"f407418\" data-element_type=\"widget\" data-e-type=\"widget\" data-widget_type=\"heading.default\">\n\t\t\t\t<div class=\"elementor-widget-container\">\n\t\t\t\t\t<h3 class=\"elementor-heading-title elementor-size-default\">LE VIE DI LEONARDO DA VINCI<\/h3>\t\t\t\t<\/div>\n\t\t\t\t<\/div>\n\t\t\t\t\t<\/div>\n\t\t<\/div>\n\t\t\t\t\t<\/div>\n\t\t<\/section>\n\t\t\t\t<section class=\"elementor-section elementor-top-section elementor-element elementor-element-fa77191 elementor-section-full_width elementor-section-height-default elementor-section-height-default\" data-id=\"fa77191\" data-element_type=\"section\" data-e-type=\"section\">\n\t\t\t\t\t\t<div class=\"elementor-container elementor-column-gap-default\">\n\t\t\t\t\t<div class=\"elementor-column elementor-col-33 elementor-top-column elementor-element elementor-element-03c2337\" data-id=\"03c2337\" data-element_type=\"column\" data-e-type=\"column\">\n\t\t\t<div class=\"elementor-widget-wrap elementor-element-populated\">\n\t\t\t\t\t\t<div class=\"elementor-element elementor-element-5a8dcb4 elementor-hidden-mobile elementor-widget-divider--view-line elementor-widget elementor-widget-divider\" data-id=\"5a8dcb4\" data-element_type=\"widget\" data-e-type=\"widget\" data-widget_type=\"divider.default\">\n\t\t\t\t<div class=\"elementor-widget-container\">\n\t\t\t\t\t\t\t<div class=\"elementor-divider\">\n\t\t\t<span class=\"elementor-divider-separator\">\n\t\t\t\t\t\t<\/span>\n\t\t<\/div>\n\t\t\t\t\t\t<\/div>\n\t\t\t\t<\/div>\n\t\t\t\t\t<\/div>\n\t\t<\/div>\n\t\t\t\t<div class=\"elementor-column elementor-col-33 elementor-top-column elementor-element elementor-element-4fb9ba2\" data-id=\"4fb9ba2\" data-element_type=\"column\" data-e-type=\"column\">\n\t\t\t<div class=\"elementor-widget-wrap elementor-element-populated\">\n\t\t\t\t\t\t<div class=\"elementor-element elementor-element-3126b98 elementor-widget elementor-widget-text-editor\" data-id=\"3126b98\" data-element_type=\"widget\" data-e-type=\"widget\" data-widget_type=\"text-editor.default\">\n\t\t\t\t<div class=\"elementor-widget-container\">\n\t\t\t\t\t\t\t\t\t<p>13 April \/ 4 May 2024<\/p>\t\t\t\t\t\t\t\t<\/div>\n\t\t\t\t<\/div>\n\t\t\t\t\t<\/div>\n\t\t<\/div>\n\t\t\t\t<div class=\"elementor-column elementor-col-33 elementor-top-column elementor-element elementor-element-383c10a\" data-id=\"383c10a\" data-element_type=\"column\" data-e-type=\"column\">\n\t\t\t<div class=\"elementor-widget-wrap elementor-element-populated\">\n\t\t\t\t\t\t<div class=\"elementor-element elementor-element-6f079ec elementor-widget-divider--view-line elementor-widget elementor-widget-divider\" data-id=\"6f079ec\" data-element_type=\"widget\" data-e-type=\"widget\" data-widget_type=\"divider.default\">\n\t\t\t\t<div class=\"elementor-widget-container\">\n\t\t\t\t\t\t\t<div class=\"elementor-divider\">\n\t\t\t<span class=\"elementor-divider-separator\">\n\t\t\t\t\t\t<\/span>\n\t\t<\/div>\n\t\t\t\t\t\t<\/div>\n\t\t\t\t<\/div>\n\t\t\t\t\t<\/div>\n\t\t<\/div>\n\t\t\t\t\t<\/div>\n\t\t<\/section>\n\t\t\t\t<section class=\"elementor-section elementor-top-section elementor-element elementor-element-b850f94 elementor-section-full_width elementor-section-height-default elementor-section-height-default\" data-id=\"b850f94\" data-element_type=\"section\" data-e-type=\"section\">\n\t\t\t\t\t\t<div class=\"elementor-container elementor-column-gap-wide\">\n\t\t\t\t\t<div class=\"elementor-column elementor-col-100 elementor-top-column elementor-element elementor-element-2b49587\" data-id=\"2b49587\" data-element_type=\"column\" data-e-type=\"column\">\n\t\t\t<div class=\"elementor-widget-wrap elementor-element-populated\">\n\t\t\t\t\t\t<div class=\"elementor-element elementor-element-f28e54c elementor-widget elementor-widget-text-editor\" data-id=\"f28e54c\" data-element_type=\"widget\" data-e-type=\"widget\" data-widget_type=\"text-editor.default\">\n\t\t\t\t<div class=\"elementor-widget-container\">\n\t\t\t\t\t\t\t\t\t<p class=\"translation-block\"><strong>\u201cLe Vie di Leonardo da Vinci\u201d<\/strong> is the title of the international itinerant art exhibition organised by <strong>Artestruttura<\/strong> and the <strong>Asmalimescit Art Gallery<\/strong> of Istanbul,  in collaboration with the <strong>International Association \u201cLe Vie di Leonardo da Vinci\u201d<\/strong>, in order to pay homage to the <strong>Universal Genius<\/strong>. The event consists of eight exhibition locations: Bottenicco di Moimacco (UD), Vinci (FI), Vipava (Slovenia), Amboise (France), Adana, Izmir, Ankara and Istanbul (Turkey). The second exhibition venue is the stunning <strong>Villa Vignozzi<\/strong>, located in Leonardo's birthplace: <strong>Vinci<\/strong> (<strong>Florence<\/strong>). The exhibition presents around fifty <strong>international artists <\/strong> from <strong>Italy<\/strong>, <strong>France<\/strong>, <strong>Slovenia<\/strong> and <strong>Turkey<\/strong>, who have been asked to interpret the figure of Leonardo da Vinci in a contemporary way. Painting predominates among the various works, but there are also sculptures, mixed media and digital sculpture. For the occasion, an Italian-language <b>\"ItaliArts\"<\/b> <strong>catalogue<\/strong> was printed, presenting all the participating artists through a short biographical text and an image of the work created.<\/p>\t\t\t\t\t\t\t\t<\/div>\n\t\t\t\t<\/div>\n\t\t\t\t\t<\/div>\n\t\t<\/div>\n\t\t\t\t\t<\/div>\n\t\t<\/section>\n\t\t\t\t<section class=\"elementor-section elementor-top-section elementor-element elementor-element-83c9970 elementor-section-full_width elementor-section-height-default elementor-section-height-default\" data-id=\"83c9970\" data-element_type=\"section\" data-e-type=\"section\">\n\t\t\t\t\t\t<div class=\"elementor-container elementor-column-gap-wide\">\n\t\t\t\t\t<div class=\"elementor-column elementor-col-100 elementor-top-column elementor-element elementor-element-e35cfe8\" data-id=\"e35cfe8\" data-element_type=\"column\" data-e-type=\"column\">\n\t\t\t<div class=\"elementor-widget-wrap elementor-element-populated\">\n\t\t\t\t\t\t<div class=\"elementor-element elementor-element-b6e92fa elementor-widget elementor-widget-gallery\" data-id=\"b6e92fa\" data-element_type=\"widget\" data-e-type=\"widget\" data-settings=\"{&quot;columns_mobile&quot;:2,&quot;gap&quot;:{&quot;unit&quot;:&quot;px&quot;,&quot;size&quot;:5,&quot;sizes&quot;:[]},&quot;gap_tablet&quot;:{&quot;unit&quot;:&quot;px&quot;,&quot;size&quot;:5,&quot;sizes&quot;:[]},&quot;gap_mobile&quot;:{&quot;unit&quot;:&quot;px&quot;,&quot;size&quot;:5,&quot;sizes&quot;:[]},&quot;image_hover_animation&quot;:&quot;grow&quot;,&quot;columns_tablet&quot;:4,&quot;lazyload&quot;:&quot;yes&quot;,&quot;gallery_layout&quot;:&quot;grid&quot;,&quot;columns&quot;:4,&quot;link_to&quot;:&quot;file&quot;,&quot;aspect_ratio&quot;:&quot;3:2&quot;,&quot;overlay_background&quot;:&quot;yes&quot;,&quot;content_hover_animation&quot;:&quot;fade-in&quot;}\" data-widget_type=\"gallery.default\">\n\t\t\t\t<div class=\"elementor-widget-container\">\n\t\t\t\t\t\t\t<div class=\"elementor-gallery__container\">\n\t\t\t\t\t\t\t<a class=\"e-gallery-item elementor-gallery-item elementor-animated-content\" href=\"https:\/\/artestruttura.it\/wp-content\/uploads\/2024\/07\/esterno-villa-vignozzi-di-vinci.jpg\" data-elementor-open-lightbox=\"yes\" data-elementor-lightbox-slideshow=\"b6e92fa\" data-e-action-hash=\"#elementor-action%3Aaction%3Dlightbox%26settings%3DeyJpZCI6MTUxNjQsInVybCI6Imh0dHBzOlwvXC9hcnRlc3RydXR0dXJhLml0XC93cC1jb250ZW50XC91cGxvYWRzXC8yMDI0XC8wN1wvZXN0ZXJuby12aWxsYS12aWdub3p6aS1kaS12aW5jaS5qcGciLCJzbGlkZXNob3ciOiJiNmU5MmZhIn0%3D\">\n\t\t\t\t\t<div class=\"e-gallery-image elementor-gallery-item__image\" data-thumbnail=\"https:\/\/artestruttura.it\/wp-content\/uploads\/2024\/07\/esterno-villa-vignozzi-di-vinci-768x512.jpg\" data-width=\"768\" data-height=\"512\" aria-label=\"Esterno Villa Vignozzi di Vinci\" role=\"img\" ><\/div>\n\t\t\t\t\t\t\t\t\t\t\t<div class=\"elementor-gallery-item__overlay\"><\/div>\n\t\t\t\t\t\t\t\t\t\t\t\t\t\t<\/a>\n\t\t\t\t\t\t\t<a class=\"e-gallery-item elementor-gallery-item elementor-animated-content\" href=\"https:\/\/artestruttura.it\/wp-content\/uploads\/2024\/07\/salone-espositivo-di-villa-vignozzi.jpg\" data-elementor-open-lightbox=\"yes\" data-elementor-lightbox-slideshow=\"b6e92fa\" data-e-action-hash=\"#elementor-action%3Aaction%3Dlightbox%26settings%3DeyJpZCI6MTUxNzksInVybCI6Imh0dHBzOlwvXC9hcnRlc3RydXR0dXJhLml0XC93cC1jb250ZW50XC91cGxvYWRzXC8yMDI0XC8wN1wvc2Fsb25lLWVzcG9zaXRpdm8tZGktdmlsbGEtdmlnbm96emkuanBnIiwic2xpZGVzaG93IjoiYjZlOTJmYSJ9\">\n\t\t\t\t\t<div class=\"e-gallery-image elementor-gallery-item__image\" data-thumbnail=\"https:\/\/artestruttura.it\/wp-content\/uploads\/2024\/07\/salone-espositivo-di-villa-vignozzi-768x512.jpg\" data-width=\"768\" data-height=\"512\" aria-label=\"Salone espositivo di Villa Vignozzi\" role=\"img\" ><\/div>\n\t\t\t\t\t\t\t\t\t\t\t<div class=\"elementor-gallery-item__overlay\"><\/div>\n\t\t\t\t\t\t\t\t\t\t\t\t\t\t<\/a>\n\t\t\t\t\t\t\t<a class=\"e-gallery-item elementor-gallery-item elementor-animated-content\" href=\"https:\/\/artestruttura.it\/wp-content\/uploads\/2024\/07\/mostra-arte-contemporanea-a-villa-vignozzi.jpg\" data-elementor-open-lightbox=\"yes\" data-elementor-lightbox-slideshow=\"b6e92fa\" data-e-action-hash=\"#elementor-action%3Aaction%3Dlightbox%26settings%3DeyJpZCI6MTUxNjUsInVybCI6Imh0dHBzOlwvXC9hcnRlc3RydXR0dXJhLml0XC93cC1jb250ZW50XC91cGxvYWRzXC8yMDI0XC8wN1wvbW9zdHJhLWFydGUtY29udGVtcG9yYW5lYS1hLXZpbGxhLXZpZ25venppLmpwZyIsInNsaWRlc2hvdyI6ImI2ZTkyZmEifQ%3D%3D\">\n\t\t\t\t\t<div class=\"e-gallery-image elementor-gallery-item__image\" data-thumbnail=\"https:\/\/artestruttura.it\/wp-content\/uploads\/2024\/07\/mostra-arte-contemporanea-a-villa-vignozzi-768x512.jpg\" data-width=\"768\" data-height=\"512\" aria-label=\"Mostra d&#039;arte contemporanea a Villa Vignozzi\" role=\"img\" ><\/div>\n\t\t\t\t\t\t\t\t\t\t\t<div class=\"elementor-gallery-item__overlay\"><\/div>\n\t\t\t\t\t\t\t\t\t\t\t\t\t\t<\/a>\n\t\t\t\t\t\t\t<a class=\"e-gallery-item elementor-gallery-item elementor-animated-content\" href=\"https:\/\/artestruttura.it\/wp-content\/uploads\/2024\/07\/dipinti-in-esposizione-presso-villa-vignozzi.jpg\" data-elementor-open-lightbox=\"yes\" data-elementor-lightbox-slideshow=\"b6e92fa\" data-e-action-hash=\"#elementor-action%3Aaction%3Dlightbox%26settings%3DeyJpZCI6MTUxNjIsInVybCI6Imh0dHBzOlwvXC9hcnRlc3RydXR0dXJhLml0XC93cC1jb250ZW50XC91cGxvYWRzXC8yMDI0XC8wN1wvZGlwaW50aS1pbi1lc3Bvc2l6aW9uZS1wcmVzc28tdmlsbGEtdmlnbm96emkuanBnIiwic2xpZGVzaG93IjoiYjZlOTJmYSJ9\">\n\t\t\t\t\t<div class=\"e-gallery-image elementor-gallery-item__image\" data-thumbnail=\"https:\/\/artestruttura.it\/wp-content\/uploads\/2024\/07\/dipinti-in-esposizione-presso-villa-vignozzi-768x512.jpg\" data-width=\"768\" data-height=\"512\" aria-label=\"Dipinti in esposizione presso Villa Vignozzi\" role=\"img\" ><\/div>\n\t\t\t\t\t\t\t\t\t\t\t<div class=\"elementor-gallery-item__overlay\"><\/div>\n\t\t\t\t\t\t\t\t\t\t\t\t\t\t<\/a>\n\t\t\t\t\t\t\t<a class=\"e-gallery-item elementor-gallery-item elementor-animated-content\" href=\"https:\/\/artestruttura.it\/wp-content\/uploads\/2024\/07\/quadri-dedicati-a-leonardo-esposti-presso-villa-vignozzi.jpg\" data-elementor-open-lightbox=\"yes\" data-elementor-lightbox-slideshow=\"b6e92fa\" data-e-action-hash=\"#elementor-action%3Aaction%3Dlightbox%26settings%3DeyJpZCI6MTUxNzcsInVybCI6Imh0dHBzOlwvXC9hcnRlc3RydXR0dXJhLml0XC93cC1jb250ZW50XC91cGxvYWRzXC8yMDI0XC8wN1wvcXVhZHJpLWRlZGljYXRpLWEtbGVvbmFyZG8tZXNwb3N0aS1wcmVzc28tdmlsbGEtdmlnbm96emkuanBnIiwic2xpZGVzaG93IjoiYjZlOTJmYSJ9\">\n\t\t\t\t\t<div class=\"e-gallery-image elementor-gallery-item__image\" data-thumbnail=\"https:\/\/artestruttura.it\/wp-content\/uploads\/2024\/07\/quadri-dedicati-a-leonardo-esposti-presso-villa-vignozzi-768x512.jpg\" data-width=\"768\" data-height=\"512\" aria-label=\"Quadri dedicati a Leonardo esposti presso Villa Vignozzi\" role=\"img\" ><\/div>\n\t\t\t\t\t\t\t\t\t\t\t<div class=\"elementor-gallery-item__overlay\"><\/div>\n\t\t\t\t\t\t\t\t\t\t\t\t\t\t<\/a>\n\t\t\t\t\t\t\t<a class=\"e-gallery-item elementor-gallery-item elementor-animated-content\" href=\"https:\/\/artestruttura.it\/wp-content\/uploads\/2024\/07\/scultura-in-silicone-dedicata-a-leonardo-da-vinci.jpg\" data-elementor-open-lightbox=\"yes\" data-elementor-lightbox-slideshow=\"b6e92fa\" data-e-action-hash=\"#elementor-action%3Aaction%3Dlightbox%26settings%3DeyJpZCI6MTUxODEsInVybCI6Imh0dHBzOlwvXC9hcnRlc3RydXR0dXJhLml0XC93cC1jb250ZW50XC91cGxvYWRzXC8yMDI0XC8wN1wvc2N1bHR1cmEtaW4tc2lsaWNvbmUtZGVkaWNhdGEtYS1sZW9uYXJkby1kYS12aW5jaS5qcGciLCJzbGlkZXNob3ciOiJiNmU5MmZhIn0%3D\">\n\t\t\t\t\t<div class=\"e-gallery-image elementor-gallery-item__image\" data-thumbnail=\"https:\/\/artestruttura.it\/wp-content\/uploads\/2024\/07\/scultura-in-silicone-dedicata-a-leonardo-da-vinci-768x512.jpg\" data-width=\"768\" data-height=\"512\" aria-label=\"Scultura in silicone dedicata a Leonardo da Vinci\" role=\"img\" ><\/div>\n\t\t\t\t\t\t\t\t\t\t\t<div class=\"elementor-gallery-item__overlay\"><\/div>\n\t\t\t\t\t\t\t\t\t\t\t\t\t\t<\/a>\n\t\t\t\t\t\t\t<a class=\"e-gallery-item elementor-gallery-item elementor-animated-content\" href=\"https:\/\/artestruttura.it\/wp-content\/uploads\/2024\/07\/opere-varie-esposte-presso-villa-vignozzi.jpg\" data-elementor-open-lightbox=\"yes\" data-elementor-lightbox-slideshow=\"b6e92fa\" data-e-action-hash=\"#elementor-action%3Aaction%3Dlightbox%26settings%3DeyJpZCI6MTUxNzUsInVybCI6Imh0dHBzOlwvXC9hcnRlc3RydXR0dXJhLml0XC93cC1jb250ZW50XC91cGxvYWRzXC8yMDI0XC8wN1wvb3BlcmUtdmFyaWUtZXNwb3N0ZS1wcmVzc28tdmlsbGEtdmlnbm96emkuanBnIiwic2xpZGVzaG93IjoiYjZlOTJmYSJ9\">\n\t\t\t\t\t<div class=\"e-gallery-image elementor-gallery-item__image\" data-thumbnail=\"https:\/\/artestruttura.it\/wp-content\/uploads\/2024\/07\/opere-varie-esposte-presso-villa-vignozzi-768x512.jpg\" data-width=\"768\" data-height=\"512\" aria-label=\"Opere varie esposte presso Villa Vignozzi\" role=\"img\" ><\/div>\n\t\t\t\t\t\t\t\t\t\t\t<div class=\"elementor-gallery-item__overlay\"><\/div>\n\t\t\t\t\t\t\t\t\t\t\t\t\t\t<\/a>\n\t\t\t\t\t\t\t<a class=\"e-gallery-item elementor-gallery-item elementor-animated-content\" href=\"https:\/\/artestruttura.it\/wp-content\/uploads\/2024\/07\/dipinti-dedicati-al-genio-universale-esposti-a-vinci.jpg\" data-elementor-open-lightbox=\"yes\" data-elementor-lightbox-slideshow=\"b6e92fa\" data-e-action-hash=\"#elementor-action%3Aaction%3Dlightbox%26settings%3DeyJpZCI6MTUxNjEsInVybCI6Imh0dHBzOlwvXC9hcnRlc3RydXR0dXJhLml0XC93cC1jb250ZW50XC91cGxvYWRzXC8yMDI0XC8wN1wvZGlwaW50aS1kZWRpY2F0aS1hbC1nZW5pby11bml2ZXJzYWxlLWVzcG9zdGktYS12aW5jaS5qcGciLCJzbGlkZXNob3ciOiJiNmU5MmZhIn0%3D\">\n\t\t\t\t\t<div class=\"e-gallery-image elementor-gallery-item__image\" data-thumbnail=\"https:\/\/artestruttura.it\/wp-content\/uploads\/2024\/07\/dipinti-dedicati-al-genio-universale-esposti-a-vinci-768x512.jpg\" data-width=\"768\" data-height=\"512\" aria-label=\"Dipinti dedicati al Genio Universale esposti a Vinci\" role=\"img\" ><\/div>\n\t\t\t\t\t\t\t\t\t\t\t<div class=\"elementor-gallery-item__overlay\"><\/div>\n\t\t\t\t\t\t\t\t\t\t\t\t\t\t<\/a>\n\t\t\t\t\t\t\t<a class=\"e-gallery-item elementor-gallery-item elementor-animated-content\" href=\"https:\/\/artestruttura.it\/wp-content\/uploads\/2024\/07\/corridoio-di-villa-vignozzi-con-opere-esposte.jpg\" data-elementor-open-lightbox=\"yes\" data-elementor-lightbox-slideshow=\"b6e92fa\" data-e-action-hash=\"#elementor-action%3Aaction%3Dlightbox%26settings%3DeyJpZCI6MTUxNTcsInVybCI6Imh0dHBzOlwvXC9hcnRlc3RydXR0dXJhLml0XC93cC1jb250ZW50XC91cGxvYWRzXC8yMDI0XC8wN1wvY29ycmlkb2lvLWRpLXZpbGxhLXZpZ25venppLWNvbi1vcGVyZS1lc3Bvc3RlLmpwZyIsInNsaWRlc2hvdyI6ImI2ZTkyZmEifQ%3D%3D\">\n\t\t\t\t\t<div class=\"e-gallery-image elementor-gallery-item__image\" data-thumbnail=\"https:\/\/artestruttura.it\/wp-content\/uploads\/2024\/07\/corridoio-di-villa-vignozzi-con-opere-esposte-768x512.jpg\" data-width=\"768\" data-height=\"512\" aria-label=\"Corridoio di Villa Vignozzi con opere esposte\" role=\"img\" ><\/div>\n\t\t\t\t\t\t\t\t\t\t\t<div class=\"elementor-gallery-item__overlay\"><\/div>\n\t\t\t\t\t\t\t\t\t\t\t\t\t\t<\/a>\n\t\t\t\t\t\t\t<a class=\"e-gallery-item elementor-gallery-item elementor-animated-content\" href=\"https:\/\/artestruttura.it\/wp-content\/uploads\/2024\/07\/opera-arte-in-ceramica-dedicata-a-leonardo.jpg\" data-elementor-open-lightbox=\"yes\" data-elementor-lightbox-slideshow=\"b6e92fa\" data-e-action-hash=\"#elementor-action%3Aaction%3Dlightbox%26settings%3DeyJpZCI6MTUxNjcsInVybCI6Imh0dHBzOlwvXC9hcnRlc3RydXR0dXJhLml0XC93cC1jb250ZW50XC91cGxvYWRzXC8yMDI0XC8wN1wvb3BlcmEtYXJ0ZS1pbi1jZXJhbWljYS1kZWRpY2F0YS1hLWxlb25hcmRvLmpwZyIsInNsaWRlc2hvdyI6ImI2ZTkyZmEifQ%3D%3D\">\n\t\t\t\t\t<div class=\"e-gallery-image elementor-gallery-item__image\" data-thumbnail=\"https:\/\/artestruttura.it\/wp-content\/uploads\/2024\/07\/opera-arte-in-ceramica-dedicata-a-leonardo-768x512.jpg\" data-width=\"768\" data-height=\"512\" aria-label=\"Opera d&#039;arte in ceramica dedicata a Leonardo\" role=\"img\" ><\/div>\n\t\t\t\t\t\t\t\t\t\t\t<div class=\"elementor-gallery-item__overlay\"><\/div>\n\t\t\t\t\t\t\t\t\t\t\t\t\t\t<\/a>\n\t\t\t\t\t\t\t<a class=\"e-gallery-item elementor-gallery-item elementor-animated-content\" href=\"https:\/\/artestruttura.it\/wp-content\/uploads\/2024\/07\/dipinti-dedicati-a-leonardo-da-vinci-esposti-in-villa-vignozzi.jpg\" data-elementor-open-lightbox=\"yes\" data-elementor-lightbox-slideshow=\"b6e92fa\" data-e-action-hash=\"#elementor-action%3Aaction%3Dlightbox%26settings%3DeyJpZCI6MTUxNjAsInVybCI6Imh0dHBzOlwvXC9hcnRlc3RydXR0dXJhLml0XC93cC1jb250ZW50XC91cGxvYWRzXC8yMDI0XC8wN1wvZGlwaW50aS1kZWRpY2F0aS1hLWxlb25hcmRvLWRhLXZpbmNpLWVzcG9zdGktaW4tdmlsbGEtdmlnbm96emkuanBnIiwic2xpZGVzaG93IjoiYjZlOTJmYSJ9\">\n\t\t\t\t\t<div class=\"e-gallery-image elementor-gallery-item__image\" data-thumbnail=\"https:\/\/artestruttura.it\/wp-content\/uploads\/2024\/07\/dipinti-dedicati-a-leonardo-da-vinci-esposti-in-villa-vignozzi-768x512.jpg\" data-width=\"768\" data-height=\"512\" aria-label=\"Dipinti dedicati a Leonardo da Vinci esposti in Villa Vignozzi\" role=\"img\" ><\/div>\n\t\t\t\t\t\t\t\t\t\t\t<div class=\"elementor-gallery-item__overlay\"><\/div>\n\t\t\t\t\t\t\t\t\t\t\t\t\t\t<\/a>\n\t\t\t\t\t\t\t<a class=\"e-gallery-item elementor-gallery-item elementor-animated-content\" href=\"https:\/\/artestruttura.it\/wp-content\/uploads\/2024\/07\/corridoio-espositivo-con-opere.jpg\" data-elementor-open-lightbox=\"yes\" data-elementor-lightbox-slideshow=\"b6e92fa\" data-e-action-hash=\"#elementor-action%3Aaction%3Dlightbox%26settings%3DeyJpZCI6MTUxNTgsInVybCI6Imh0dHBzOlwvXC9hcnRlc3RydXR0dXJhLml0XC93cC1jb250ZW50XC91cGxvYWRzXC8yMDI0XC8wN1wvY29ycmlkb2lvLWVzcG9zaXRpdm8tY29uLW9wZXJlLmpwZyIsInNsaWRlc2hvdyI6ImI2ZTkyZmEifQ%3D%3D\">\n\t\t\t\t\t<div class=\"e-gallery-image elementor-gallery-item__image\" data-thumbnail=\"https:\/\/artestruttura.it\/wp-content\/uploads\/2024\/07\/corridoio-espositivo-con-opere-768x512.jpg\" data-width=\"768\" data-height=\"512\" aria-label=\"Corridoio espositivo con opere\" role=\"img\" ><\/div>\n\t\t\t\t\t\t\t\t\t\t\t<div class=\"elementor-gallery-item__overlay\"><\/div>\n\t\t\t\t\t\t\t\t\t\t\t\t\t\t<\/a>\n\t\t\t\t\t\t\t<a class=\"e-gallery-item elementor-gallery-item elementor-animated-content\" href=\"https:\/\/artestruttura.it\/wp-content\/uploads\/2024\/07\/dipinto-singolo-esposto-presso-villa-vignozzi.jpg\" data-elementor-open-lightbox=\"yes\" data-elementor-lightbox-slideshow=\"b6e92fa\" data-e-action-hash=\"#elementor-action%3Aaction%3Dlightbox%26settings%3DeyJpZCI6MTUxNjMsInVybCI6Imh0dHBzOlwvXC9hcnRlc3RydXR0dXJhLml0XC93cC1jb250ZW50XC91cGxvYWRzXC8yMDI0XC8wN1wvZGlwaW50by1zaW5nb2xvLWVzcG9zdG8tcHJlc3NvLXZpbGxhLXZpZ25venppLmpwZyIsInNsaWRlc2hvdyI6ImI2ZTkyZmEifQ%3D%3D\">\n\t\t\t\t\t<div class=\"e-gallery-image elementor-gallery-item__image\" data-thumbnail=\"https:\/\/artestruttura.it\/wp-content\/uploads\/2024\/07\/dipinto-singolo-esposto-presso-villa-vignozzi-768x512.jpg\" data-width=\"768\" data-height=\"512\" aria-label=\"Dipinto singolo esposto presso Villa Vignozzi\" role=\"img\" ><\/div>\n\t\t\t\t\t\t\t\t\t\t\t<div class=\"elementor-gallery-item__overlay\"><\/div>\n\t\t\t\t\t\t\t\t\t\t\t\t\t\t<\/a>\n\t\t\t\t\t\t\t<a class=\"e-gallery-item elementor-gallery-item elementor-animated-content\" href=\"https:\/\/artestruttura.it\/wp-content\/uploads\/2024\/07\/mostra-arte-dedicata-a-leonardo-a-villa-vignozzi.jpg\" data-elementor-open-lightbox=\"yes\" data-elementor-lightbox-slideshow=\"b6e92fa\" data-e-action-hash=\"#elementor-action%3Aaction%3Dlightbox%26settings%3DeyJpZCI6MTUxNjYsInVybCI6Imh0dHBzOlwvXC9hcnRlc3RydXR0dXJhLml0XC93cC1jb250ZW50XC91cGxvYWRzXC8yMDI0XC8wN1wvbW9zdHJhLWFydGUtZGVkaWNhdGEtYS1sZW9uYXJkby1hLXZpbGxhLXZpZ25venppLmpwZyIsInNsaWRlc2hvdyI6ImI2ZTkyZmEifQ%3D%3D\">\n\t\t\t\t\t<div class=\"e-gallery-image elementor-gallery-item__image\" data-thumbnail=\"https:\/\/artestruttura.it\/wp-content\/uploads\/2024\/07\/mostra-arte-dedicata-a-leonardo-a-villa-vignozzi-768x512.jpg\" data-width=\"768\" data-height=\"512\" aria-label=\"Mostra d&#039;arte dedicata a Leonardo a Villa Vignozzi\" role=\"img\" ><\/div>\n\t\t\t\t\t\t\t\t\t\t\t<div class=\"elementor-gallery-item__overlay\"><\/div>\n\t\t\t\t\t\t\t\t\t\t\t\t\t\t<\/a>\n\t\t\t\t\t\t\t<a class=\"e-gallery-item elementor-gallery-item elementor-animated-content\" href=\"https:\/\/artestruttura.it\/wp-content\/uploads\/2024\/07\/opere-arte-in-esposizione-a-villa-vignozzi.jpg\" data-elementor-open-lightbox=\"yes\" data-elementor-lightbox-slideshow=\"b6e92fa\" data-e-action-hash=\"#elementor-action%3Aaction%3Dlightbox%26settings%3DeyJpZCI6MTUxNzIsInVybCI6Imh0dHBzOlwvXC9hcnRlc3RydXR0dXJhLml0XC93cC1jb250ZW50XC91cGxvYWRzXC8yMDI0XC8wN1wvb3BlcmUtYXJ0ZS1pbi1lc3Bvc2l6aW9uZS1hLXZpbGxhLXZpZ25venppLmpwZyIsInNsaWRlc2hvdyI6ImI2ZTkyZmEifQ%3D%3D\">\n\t\t\t\t\t<div class=\"e-gallery-image elementor-gallery-item__image\" data-thumbnail=\"https:\/\/artestruttura.it\/wp-content\/uploads\/2024\/07\/opere-arte-in-esposizione-a-villa-vignozzi-768x512.jpg\" data-width=\"768\" data-height=\"512\" aria-label=\"Opere d&#039;arte in esposizione a Villa Vignozzi\" role=\"img\" ><\/div>\n\t\t\t\t\t\t\t\t\t\t\t<div class=\"elementor-gallery-item__overlay\"><\/div>\n\t\t\t\t\t\t\t\t\t\t\t\t\t\t<\/a>\n\t\t\t\t\t\t\t<a class=\"e-gallery-item elementor-gallery-item elementor-animated-content\" href=\"https:\/\/artestruttura.it\/wp-content\/uploads\/2024\/07\/dettaglio-ceramica-e-sede-espositiva-di-villa-vignozzi.jpg\" data-elementor-open-lightbox=\"yes\" data-elementor-lightbox-slideshow=\"b6e92fa\" data-e-action-hash=\"#elementor-action%3Aaction%3Dlightbox%26settings%3DeyJpZCI6MTUxNTksInVybCI6Imh0dHBzOlwvXC9hcnRlc3RydXR0dXJhLml0XC93cC1jb250ZW50XC91cGxvYWRzXC8yMDI0XC8wN1wvZGV0dGFnbGlvLWNlcmFtaWNhLWUtc2VkZS1lc3Bvc2l0aXZhLWRpLXZpbGxhLXZpZ25venppLmpwZyIsInNsaWRlc2hvdyI6ImI2ZTkyZmEifQ%3D%3D\">\n\t\t\t\t\t<div class=\"e-gallery-image elementor-gallery-item__image\" data-thumbnail=\"https:\/\/artestruttura.it\/wp-content\/uploads\/2024\/07\/dettaglio-ceramica-e-sede-espositiva-di-villa-vignozzi-768x512.jpg\" data-width=\"768\" data-height=\"512\" aria-label=\"Dettaglio ceramica e sede espositiva di Villa Vignozzi\" role=\"img\" ><\/div>\n\t\t\t\t\t\t\t\t\t\t\t<div class=\"elementor-gallery-item__overlay\"><\/div>\n\t\t\t\t\t\t\t\t\t\t\t\t\t\t<\/a>\n\t\t\t\t\t\t\t<a class=\"e-gallery-item elementor-gallery-item elementor-animated-content\" href=\"https:\/\/artestruttura.it\/wp-content\/uploads\/2024\/07\/opere-arte-dedicate-a-leonardo-in-mostra-a-vinci.jpg\" data-elementor-open-lightbox=\"yes\" data-elementor-lightbox-slideshow=\"b6e92fa\" data-e-action-hash=\"#elementor-action%3Aaction%3Dlightbox%26settings%3DeyJpZCI6MTUxNzEsInVybCI6Imh0dHBzOlwvXC9hcnRlc3RydXR0dXJhLml0XC93cC1jb250ZW50XC91cGxvYWRzXC8yMDI0XC8wN1wvb3BlcmUtYXJ0ZS1kZWRpY2F0ZS1hLWxlb25hcmRvLWluLW1vc3RyYS1hLXZpbmNpLmpwZyIsInNsaWRlc2hvdyI6ImI2ZTkyZmEifQ%3D%3D\">\n\t\t\t\t\t<div class=\"e-gallery-image elementor-gallery-item__image\" data-thumbnail=\"https:\/\/artestruttura.it\/wp-content\/uploads\/2024\/07\/opere-arte-dedicate-a-leonardo-in-mostra-a-vinci-768x512.jpg\" data-width=\"768\" data-height=\"512\" aria-label=\"Opere d&#039;arte dedicate a Leonardo in mostra a Vinci\" role=\"img\" ><\/div>\n\t\t\t\t\t\t\t\t\t\t\t<div class=\"elementor-gallery-item__overlay\"><\/div>\n\t\t\t\t\t\t\t\t\t\t\t\t\t\t<\/a>\n\t\t\t\t\t\t\t<a class=\"e-gallery-item elementor-gallery-item elementor-animated-content\" href=\"https:\/\/artestruttura.it\/wp-content\/uploads\/2024\/07\/opera-di-antonio-corbo-esposta-a-vinci.jpg\" data-elementor-open-lightbox=\"yes\" data-elementor-lightbox-slideshow=\"b6e92fa\" data-e-action-hash=\"#elementor-action%3Aaction%3Dlightbox%26settings%3DeyJpZCI6MTUxNjgsInVybCI6Imh0dHBzOlwvXC9hcnRlc3RydXR0dXJhLml0XC93cC1jb250ZW50XC91cGxvYWRzXC8yMDI0XC8wN1wvb3BlcmEtZGktYW50b25pby1jb3Jiby1lc3Bvc3RhLWEtdmluY2kuanBnIiwic2xpZGVzaG93IjoiYjZlOTJmYSJ9\">\n\t\t\t\t\t<div class=\"e-gallery-image elementor-gallery-item__image\" data-thumbnail=\"https:\/\/artestruttura.it\/wp-content\/uploads\/2024\/07\/opera-di-antonio-corbo-esposta-a-vinci-768x512.jpg\" data-width=\"768\" data-height=\"512\" aria-label=\"Opera di Antonio Corbo esposta a Vinci\" role=\"img\" ><\/div>\n\t\t\t\t\t\t\t\t\t\t\t<div class=\"elementor-gallery-item__overlay\"><\/div>\n\t\t\t\t\t\t\t\t\t\t\t\t\t\t<\/a>\n\t\t\t\t\t\t\t<a class=\"e-gallery-item elementor-gallery-item elementor-animated-content\" href=\"https:\/\/artestruttura.it\/wp-content\/uploads\/2024\/07\/spazio-espositivo-di-villa-vignozzi-con-opere-esposte.jpg\" data-elementor-open-lightbox=\"yes\" data-elementor-lightbox-slideshow=\"b6e92fa\" data-e-action-hash=\"#elementor-action%3Aaction%3Dlightbox%26settings%3DeyJpZCI6MTUxODIsInVybCI6Imh0dHBzOlwvXC9hcnRlc3RydXR0dXJhLml0XC93cC1jb250ZW50XC91cGxvYWRzXC8yMDI0XC8wN1wvc3BhemlvLWVzcG9zaXRpdm8tZGktdmlsbGEtdmlnbm96emktY29uLW9wZXJlLWVzcG9zdGUuanBnIiwic2xpZGVzaG93IjoiYjZlOTJmYSJ9\">\n\t\t\t\t\t<div class=\"e-gallery-image elementor-gallery-item__image\" data-thumbnail=\"https:\/\/artestruttura.it\/wp-content\/uploads\/2024\/07\/spazio-espositivo-di-villa-vignozzi-con-opere-esposte-768x512.jpg\" data-width=\"768\" data-height=\"512\" aria-label=\"Spazio espositivo di Villa Vignozzi con opere esposte\" role=\"img\" ><\/div>\n\t\t\t\t\t\t\t\t\t\t\t<div class=\"elementor-gallery-item__overlay\"><\/div>\n\t\t\t\t\t\t\t\t\t\t\t\t\t\t<\/a>\n\t\t\t\t\t\t\t<a class=\"e-gallery-item elementor-gallery-item elementor-animated-content\" href=\"https:\/\/artestruttura.it\/wp-content\/uploads\/2024\/07\/opera-di-un-artista-turco-esposta-a-vinci.jpg\" data-elementor-open-lightbox=\"yes\" data-elementor-lightbox-slideshow=\"b6e92fa\" data-e-action-hash=\"#elementor-action%3Aaction%3Dlightbox%26settings%3DeyJpZCI6MTUxNjksInVybCI6Imh0dHBzOlwvXC9hcnRlc3RydXR0dXJhLml0XC93cC1jb250ZW50XC91cGxvYWRzXC8yMDI0XC8wN1wvb3BlcmEtZGktdW4tYXJ0aXN0YS10dXJjby1lc3Bvc3RhLWEtdmluY2kuanBnIiwic2xpZGVzaG93IjoiYjZlOTJmYSJ9\">\n\t\t\t\t\t<div class=\"e-gallery-image elementor-gallery-item__image\" data-thumbnail=\"https:\/\/artestruttura.it\/wp-content\/uploads\/2024\/07\/opera-di-un-artista-turco-esposta-a-vinci-768x512.jpg\" data-width=\"768\" data-height=\"512\" aria-label=\"Opera di un artista turco esposta a Vinci\" role=\"img\" ><\/div>\n\t\t\t\t\t\t\t\t\t\t\t<div class=\"elementor-gallery-item__overlay\"><\/div>\n\t\t\t\t\t\t\t\t\t\t\t\t\t\t<\/a>\n\t\t\t\t\t\t\t<a class=\"e-gallery-item elementor-gallery-item elementor-animated-content\" href=\"https:\/\/artestruttura.it\/wp-content\/uploads\/2024\/07\/scultura-e-dipinti-dedicati-a-leonardo-da-vinci.jpg\" data-elementor-open-lightbox=\"yes\" data-elementor-lightbox-slideshow=\"b6e92fa\" data-e-action-hash=\"#elementor-action%3Aaction%3Dlightbox%26settings%3DeyJpZCI6MTUxODAsInVybCI6Imh0dHBzOlwvXC9hcnRlc3RydXR0dXJhLml0XC93cC1jb250ZW50XC91cGxvYWRzXC8yMDI0XC8wN1wvc2N1bHR1cmEtZS1kaXBpbnRpLWRlZGljYXRpLWEtbGVvbmFyZG8tZGEtdmluY2kuanBnIiwic2xpZGVzaG93IjoiYjZlOTJmYSJ9\">\n\t\t\t\t\t<div class=\"e-gallery-image elementor-gallery-item__image\" data-thumbnail=\"https:\/\/artestruttura.it\/wp-content\/uploads\/2024\/07\/scultura-e-dipinti-dedicati-a-leonardo-da-vinci-768x512.jpg\" data-width=\"768\" data-height=\"512\" aria-label=\"Scultura e dipinti dedicati a Leonardo da Vinci\" role=\"img\" ><\/div>\n\t\t\t\t\t\t\t\t\t\t\t<div class=\"elementor-gallery-item__overlay\"><\/div>\n\t\t\t\t\t\t\t\t\t\t\t\t\t\t<\/a>\n\t\t\t\t\t\t\t<a class=\"e-gallery-item elementor-gallery-item elementor-animated-content\" href=\"https:\/\/artestruttura.it\/wp-content\/uploads\/2024\/07\/opera-figurativa-in-omaggio-a-leonardo-da-vinci-esposta.jpg\" data-elementor-open-lightbox=\"yes\" data-elementor-lightbox-slideshow=\"b6e92fa\" data-e-action-hash=\"#elementor-action%3Aaction%3Dlightbox%26settings%3DeyJpZCI6MTUxNzAsInVybCI6Imh0dHBzOlwvXC9hcnRlc3RydXR0dXJhLml0XC93cC1jb250ZW50XC91cGxvYWRzXC8yMDI0XC8wN1wvb3BlcmEtZmlndXJhdGl2YS1pbi1vbWFnZ2lvLWEtbGVvbmFyZG8tZGEtdmluY2ktZXNwb3N0YS5qcGciLCJzbGlkZXNob3ciOiJiNmU5MmZhIn0%3D\">\n\t\t\t\t\t<div class=\"e-gallery-image elementor-gallery-item__image\" data-thumbnail=\"https:\/\/artestruttura.it\/wp-content\/uploads\/2024\/07\/opera-figurativa-in-omaggio-a-leonardo-da-vinci-esposta-768x512.jpg\" data-width=\"768\" data-height=\"512\" aria-label=\"Opera figurativa in omaggio a Leonardo da Vinci esposta\" role=\"img\" ><\/div>\n\t\t\t\t\t\t\t\t\t\t\t<div class=\"elementor-gallery-item__overlay\"><\/div>\n\t\t\t\t\t\t\t\t\t\t\t\t\t\t<\/a>\n\t\t\t\t\t\t\t<a class=\"e-gallery-item elementor-gallery-item elementor-animated-content\" href=\"https:\/\/artestruttura.it\/wp-content\/uploads\/2024\/07\/opere-figurative-esposte-a-villa-vignozzi.jpg\" data-elementor-open-lightbox=\"yes\" data-elementor-lightbox-slideshow=\"b6e92fa\" data-e-action-hash=\"#elementor-action%3Aaction%3Dlightbox%26settings%3DeyJpZCI6MTUxNzQsInVybCI6Imh0dHBzOlwvXC9hcnRlc3RydXR0dXJhLml0XC93cC1jb250ZW50XC91cGxvYWRzXC8yMDI0XC8wN1wvb3BlcmUtZmlndXJhdGl2ZS1lc3Bvc3RlLWEtdmlsbGEtdmlnbm96emkuanBnIiwic2xpZGVzaG93IjoiYjZlOTJmYSJ9\">\n\t\t\t\t\t<div class=\"e-gallery-image elementor-gallery-item__image\" data-thumbnail=\"https:\/\/artestruttura.it\/wp-content\/uploads\/2024\/07\/opere-figurative-esposte-a-villa-vignozzi-768x512.jpg\" data-width=\"768\" data-height=\"512\" aria-label=\"Opere figurative esposte a Villa Vignozzi\" role=\"img\" ><\/div>\n\t\t\t\t\t\t\t\t\t\t\t<div class=\"elementor-gallery-item__overlay\"><\/div>\n\t\t\t\t\t\t\t\t\t\t\t\t\t\t<\/a>\n\t\t\t\t\t\t\t<a class=\"e-gallery-item elementor-gallery-item elementor-animated-content\" href=\"https:\/\/artestruttura.it\/wp-content\/uploads\/2024\/07\/sala-espositiva-di-villa-vignozzi-allestita.jpg\" data-elementor-open-lightbox=\"yes\" data-elementor-lightbox-slideshow=\"b6e92fa\" data-e-action-hash=\"#elementor-action%3Aaction%3Dlightbox%26settings%3DeyJpZCI6MTUxNzgsInVybCI6Imh0dHBzOlwvXC9hcnRlc3RydXR0dXJhLml0XC93cC1jb250ZW50XC91cGxvYWRzXC8yMDI0XC8wN1wvc2FsYS1lc3Bvc2l0aXZhLWRpLXZpbGxhLXZpZ25venppLWFsbGVzdGl0YS5qcGciLCJzbGlkZXNob3ciOiJiNmU5MmZhIn0%3D\">\n\t\t\t\t\t<div class=\"e-gallery-image elementor-gallery-item__image\" data-thumbnail=\"https:\/\/artestruttura.it\/wp-content\/uploads\/2024\/07\/sala-espositiva-di-villa-vignozzi-allestita-768x512.jpg\" data-width=\"768\" data-height=\"512\" aria-label=\"Sala espositiva di Villa Vignozzi allestita\" role=\"img\" ><\/div>\n\t\t\t\t\t\t\t\t\t\t\t<div class=\"elementor-gallery-item__overlay\"><\/div>\n\t\t\t\t\t\t\t\t\t\t\t\t\t\t<\/a>\n\t\t\t\t\t\t\t<a class=\"e-gallery-item elementor-gallery-item elementor-animated-content\" href=\"https:\/\/artestruttura.it\/wp-content\/uploads\/2024\/07\/tecnica-mista-esposta-presso-villa-vignozzi.jpg\" data-elementor-open-lightbox=\"yes\" data-elementor-lightbox-slideshow=\"b6e92fa\" data-e-action-hash=\"#elementor-action%3Aaction%3Dlightbox%26settings%3DeyJpZCI6MTUxODMsInVybCI6Imh0dHBzOlwvXC9hcnRlc3RydXR0dXJhLml0XC93cC1jb250ZW50XC91cGxvYWRzXC8yMDI0XC8wN1wvdGVjbmljYS1taXN0YS1lc3Bvc3RhLXByZXNzby12aWxsYS12aWdub3p6aS5qcGciLCJzbGlkZXNob3ciOiJiNmU5MmZhIn0%3D\">\n\t\t\t\t\t<div class=\"e-gallery-image elementor-gallery-item__image\" data-thumbnail=\"https:\/\/artestruttura.it\/wp-content\/uploads\/2024\/07\/tecnica-mista-esposta-presso-villa-vignozzi-768x512.jpg\" data-width=\"768\" data-height=\"512\" aria-label=\"Tecnica mista esposta presso Villa Vignozzi\" role=\"img\" ><\/div>\n\t\t\t\t\t\t\t\t\t\t\t<div class=\"elementor-gallery-item__overlay\"><\/div>\n\t\t\t\t\t\t\t\t\t\t\t\t\t\t<\/a>\n\t\t\t\t\t\t\t<a class=\"e-gallery-item elementor-gallery-item elementor-animated-content\" href=\"https:\/\/artestruttura.it\/wp-content\/uploads\/2024\/07\/quadri-dedicati-a-leonardo-esposti-a-vinci.jpg\" data-elementor-open-lightbox=\"yes\" data-elementor-lightbox-slideshow=\"b6e92fa\" data-e-action-hash=\"#elementor-action%3Aaction%3Dlightbox%26settings%3DeyJpZCI6MTUxNzYsInVybCI6Imh0dHBzOlwvXC9hcnRlc3RydXR0dXJhLml0XC93cC1jb250ZW50XC91cGxvYWRzXC8yMDI0XC8wN1wvcXVhZHJpLWRlZGljYXRpLWEtbGVvbmFyZG8tZXNwb3N0aS1hLXZpbmNpLmpwZyIsInNsaWRlc2hvdyI6ImI2ZTkyZmEifQ%3D%3D\">\n\t\t\t\t\t<div class=\"e-gallery-image elementor-gallery-item__image\" data-thumbnail=\"https:\/\/artestruttura.it\/wp-content\/uploads\/2024\/07\/quadri-dedicati-a-leonardo-esposti-a-vinci-768x512.jpg\" data-width=\"768\" data-height=\"512\" aria-label=\"Quadri dedicati a Leonardo esposti a Vinci\" role=\"img\" ><\/div>\n\t\t\t\t\t\t\t\t\t\t\t<div class=\"elementor-gallery-item__overlay\"><\/div>\n\t\t\t\t\t\t\t\t\t\t\t\t\t\t<\/a>\n\t\t\t\t\t\t\t<a class=\"e-gallery-item elementor-gallery-item elementor-animated-content\" href=\"https:\/\/artestruttura.it\/wp-content\/uploads\/2024\/07\/opere-esposte-presso-villa-vignozzi.jpg\" data-elementor-open-lightbox=\"yes\" data-elementor-lightbox-slideshow=\"b6e92fa\" data-e-action-hash=\"#elementor-action%3Aaction%3Dlightbox%26settings%3DeyJpZCI6MTUxNzMsInVybCI6Imh0dHBzOlwvXC9hcnRlc3RydXR0dXJhLml0XC93cC1jb250ZW50XC91cGxvYWRzXC8yMDI0XC8wN1wvb3BlcmUtZXNwb3N0ZS1wcmVzc28tdmlsbGEtdmlnbm96emkuanBnIiwic2xpZGVzaG93IjoiYjZlOTJmYSJ9\">\n\t\t\t\t\t<div class=\"e-gallery-image elementor-gallery-item__image\" data-thumbnail=\"https:\/\/artestruttura.it\/wp-content\/uploads\/2024\/07\/opere-esposte-presso-villa-vignozzi-768x512.jpg\" data-width=\"768\" data-height=\"512\" aria-label=\"Opere esposte presso Villa Vignozzi\" role=\"img\" ><\/div>\n\t\t\t\t\t\t\t\t\t\t\t<div class=\"elementor-gallery-item__overlay\"><\/div>\n\t\t\t\t\t\t\t\t\t\t\t\t\t\t<\/a>\n\t\t\t\t\t\t\t<a class=\"e-gallery-item elementor-gallery-item elementor-animated-content\" href=\"https:\/\/artestruttura.it\/wp-content\/uploads\/2024\/07\/acquerelli-dedicati-a-leonardo-esposti-a-villa-vignozzi.jpg\" data-elementor-open-lightbox=\"yes\" data-elementor-lightbox-slideshow=\"b6e92fa\" data-e-action-hash=\"#elementor-action%3Aaction%3Dlightbox%26settings%3DeyJpZCI6MTUxNTYsInVybCI6Imh0dHBzOlwvXC9hcnRlc3RydXR0dXJhLml0XC93cC1jb250ZW50XC91cGxvYWRzXC8yMDI0XC8wN1wvYWNxdWVyZWxsaS1kZWRpY2F0aS1hLWxlb25hcmRvLWVzcG9zdGktYS12aWxsYS12aWdub3p6aS5qcGciLCJzbGlkZXNob3ciOiJiNmU5MmZhIn0%3D\">\n\t\t\t\t\t<div class=\"e-gallery-image elementor-gallery-item__image\" data-thumbnail=\"https:\/\/artestruttura.it\/wp-content\/uploads\/2024\/07\/acquerelli-dedicati-a-leonardo-esposti-a-villa-vignozzi-768x512.jpg\" data-width=\"768\" data-height=\"512\" aria-label=\"Acquerelli dedicati a Leonardo esposti a Villa Vignozzi\" role=\"img\" ><\/div>\n\t\t\t\t\t\t\t\t\t\t\t<div class=\"elementor-gallery-item__overlay\"><\/div>\n\t\t\t\t\t\t\t\t\t\t\t\t\t\t<\/a>\n\t\t\t\t\t<\/div>\n\t\t\t\t\t<\/div>\n\t\t\t\t<\/div>\n\t\t\t\t\t<\/div>\n\t\t<\/div>\n\t\t\t\t\t<\/div>\n\t\t<\/section>\n\t\t\t\t<section class=\"elementor-section elementor-top-section elementor-element elementor-element-a921136 elementor-section-full_width elementor-section-height-default elementor-section-height-default\" data-id=\"a921136\" data-element_type=\"section\" data-e-type=\"section\">\n\t\t\t\t\t\t<div class=\"elementor-container elementor-column-gap-wide\">\n\t\t\t\t\t<div class=\"elementor-column elementor-col-100 elementor-top-column elementor-element elementor-element-8fbfc4e\" data-id=\"8fbfc4e\" data-element_type=\"column\" data-e-type=\"column\">\n\t\t\t<div class=\"elementor-widget-wrap elementor-element-populated\">\n\t\t\t\t\t\t<div class=\"elementor-element elementor-element-47699f3 elementor-widget elementor-widget-text-editor\" data-id=\"47699f3\" data-element_type=\"widget\" data-e-type=\"widget\" data-widget_type=\"text-editor.default\">\n\t\t\t\t<div class=\"elementor-widget-container\">\n\t\t\t\t\t\t\t\t\t<p class=\"translation-block\"><strong>Artists<\/strong> \/ Ra\u015fit Altun, \u00dcmran \u00d6zbalci Aria, Resul Aytem\u00fcr, Stefania Basso, Serkan Bayer, Paola Bega, Giuliana Bellini, Francesco Borzani, Alda B\u00f2scaro, Manuela Brisinello, Zahit B\u00fcy\u00fcki\u015fliyen, Giancarlo Caneva, Giorgio Chiarvesio, Antonio Corbo, Ermenegildo Dal Toso (Gildo), Mattia Desideri, Sevgi Erdaha, Debora Ferruzzi Caruso, Ferruccio Franz, Enrico Fraschetti, Carla Galli Morandi, Klementina Golija, M\u00fcfit \u0130\u015fler, Selim Karadana, Bedri Karaya\u011fmurlar, Monika Lazar, Luciano Longo, Marvin, Patrizia Matera, Giampaolo Muliari, Eda Su Neidik, Murat Melih \u00d6zen, \u015eahin Paksoy, Nico Paladini, Lorenzo Palumbo, Antonio Rauno Piccini, Giuseppina Pioli, Claudia Raza, Ahmed Rza, Bari\u015f Sariba\u015f, Cesare Serafino, Esra \u015eim\u015fek, Meta \u0160olar, Rosa Spina, G\u00fclseren S\u00fcdor, Teoman S\u00fcdor, Giovanni Toniatti Giacometti, Iacopo Toppazzini, Klavdij Tutta, \u00d6zlem \u00dcner, Andrea Vizzini, Ahmet Ye\u015fil, iIsmail Yi\u011fit, Selahattin Yildirim, G\u00fclay Y\u00fcksel, Lina Zenere, Antonio Zucchiatti<\/p>\t\t\t\t\t\t\t\t<\/div>\n\t\t\t\t<\/div>\n\t\t\t\t\t<\/div>\n\t\t<\/div>\n\t\t\t\t\t<\/div>\n\t\t<\/section>\n\t\t\t\t<section class=\"elementor-section elementor-top-section elementor-element elementor-element-cfff72e elementor-section-height-min-height elementor-section-stretched elementor-section-full_width elementor-section-height-default elementor-section-items-middle\" data-id=\"cfff72e\" data-element_type=\"section\" data-e-type=\"section\" data-settings=\"{&quot;background_background&quot;:&quot;classic&quot;,&quot;stretch_section&quot;:&quot;section-stretched&quot;}\">\n\t\t\t\t\t\t<div class=\"elementor-container elementor-column-gap-default\">\n\t\t\t\t\t<div class=\"elementor-column elementor-col-100 elementor-top-column elementor-element elementor-element-e01c74e\" data-id=\"e01c74e\" data-element_type=\"column\" data-e-type=\"column\">\n\t\t\t<div class=\"elementor-widget-wrap elementor-element-populated\">\n\t\t\t\t\t\t<section class=\"elementor-section elementor-inner-section elementor-element elementor-element-ce3fa7c elementor-section-full_width elementor-section-height-default elementor-section-height-default\" data-id=\"ce3fa7c\" data-element_type=\"section\" data-e-type=\"section\">\n\t\t\t\t\t\t<div class=\"elementor-container elementor-column-gap-extended\">\n\t\t\t\t\t<div class=\"elementor-column elementor-col-100 elementor-inner-column elementor-element elementor-element-7b6416a\" data-id=\"7b6416a\" data-element_type=\"column\" data-e-type=\"column\">\n\t\t\t<div class=\"elementor-widget-wrap elementor-element-populated\">\n\t\t\t\t\t\t<div class=\"elementor-element elementor-element-24ef3b2 elementor-view-default elementor-widget elementor-widget-icon\" data-id=\"24ef3b2\" data-element_type=\"widget\" data-e-type=\"widget\" data-widget_type=\"icon.default\">\n\t\t\t\t<div class=\"elementor-widget-container\">\n\t\t\t\t\t\t\t<div class=\"elementor-icon-wrapper\">\n\t\t\t<div class=\"elementor-icon\">\n\t\t\t<i aria-hidden=\"true\" class=\"fas fa-share-alt\"><\/i>\t\t\t<\/div>\n\t\t<\/div>\n\t\t\t\t\t\t<\/div>\n\t\t\t\t<\/div>\n\t\t\t\t\t<\/div>\n\t\t<\/div>\n\t\t\t\t\t<\/div>\n\t\t<\/section>\n\t\t\t\t<div class=\"elementor-element elementor-element-4e3ef62 elementor-share-buttons--skin-flat elementor-grid-mobile-2 elementor-share-buttons--color-custom elementor-share-buttons--view-icon-text elementor-share-buttons--shape-square elementor-grid-0 elementor-widget elementor-widget-share-buttons\" data-id=\"4e3ef62\" data-element_type=\"widget\" data-e-type=\"widget\" data-widget_type=\"share-buttons.default\">\n\t\t\t\t<div class=\"elementor-widget-container\">\n\t\t\t\t\t\t\t<div class=\"elementor-grid\" role=\"list\">\n\t\t\t\t\t\t\t\t<div class=\"elementor-grid-item\" role=\"listitem\">\n\t\t\t\t\t\t<div class=\"elementor-share-btn elementor-share-btn_facebook\" role=\"button\" tabindex=\"0\" aria-label=\"Condividi su facebook\">\n\t\t\t\t\t\t\t\t\t\t\t\t\t\t\t<span class=\"elementor-share-btn__icon\">\n\t\t\t\t\t\t\t\t<i class=\"fab fa-facebook\" aria-hidden=\"true\"><\/i>\t\t\t\t\t\t\t<\/span>\n\t\t\t\t\t\t\t\t\t\t\t\t\t\t\t\t\t\t\t\t\t\t<div class=\"elementor-share-btn__text\">\n\t\t\t\t\t\t\t\t\t\t\t\t\t\t\t\t\t\t\t<span class=\"elementor-share-btn__title\">\n\t\t\t\t\t\t\t\t\t\tFacebook\t\t\t\t\t\t\t\t\t<\/span>\n\t\t\t\t\t\t\t\t\t\t\t\t\t\t\t\t\t<\/div>\n\t\t\t\t\t\t\t\t\t\t\t\t\t<\/div>\n\t\t\t\t\t<\/div>\n\t\t\t\t\t\t\t\t\t<div class=\"elementor-grid-item\" role=\"listitem\">\n\t\t\t\t\t\t<div class=\"elementor-share-btn elementor-share-btn_whatsapp\" role=\"button\" tabindex=\"0\" aria-label=\"Condividi su whatsapp\">\n\t\t\t\t\t\t\t\t\t\t\t\t\t\t\t<span class=\"elementor-share-btn__icon\">\n\t\t\t\t\t\t\t\t<i class=\"fab fa-whatsapp\" aria-hidden=\"true\"><\/i>\t\t\t\t\t\t\t<\/span>\n\t\t\t\t\t\t\t\t\t\t\t\t\t\t\t\t\t\t\t\t\t\t<div class=\"elementor-share-btn__text\">\n\t\t\t\t\t\t\t\t\t\t\t\t\t\t\t\t\t\t\t<span class=\"elementor-share-btn__title\">\n\t\t\t\t\t\t\t\t\t\tWhatsApp\t\t\t\t\t\t\t\t\t<\/span>\n\t\t\t\t\t\t\t\t\t\t\t\t\t\t\t\t\t<\/div>\n\t\t\t\t\t\t\t\t\t\t\t\t\t<\/div>\n\t\t\t\t\t<\/div>\n\t\t\t\t\t\t\t\t\t<div class=\"elementor-grid-item\" role=\"listitem\">\n\t\t\t\t\t\t<div class=\"elementor-share-btn elementor-share-btn_email\" role=\"button\" tabindex=\"0\" aria-label=\"Condividi su email\">\n\t\t\t\t\t\t\t\t\t\t\t\t\t\t\t<span class=\"elementor-share-btn__icon\">\n\t\t\t\t\t\t\t\t<i class=\"fas fa-envelope\" aria-hidden=\"true\"><\/i>\t\t\t\t\t\t\t<\/span>\n\t\t\t\t\t\t\t\t\t\t\t\t\t\t\t\t\t\t\t\t\t\t<div class=\"elementor-share-btn__text\">\n\t\t\t\t\t\t\t\t\t\t\t\t\t\t\t\t\t\t\t<span class=\"elementor-share-btn__title\">\n\t\t\t\t\t\t\t\t\t\tEmail\t\t\t\t\t\t\t\t\t<\/span>\n\t\t\t\t\t\t\t\t\t\t\t\t\t\t\t\t\t<\/div>\n\t\t\t\t\t\t\t\t\t\t\t\t\t<\/div>\n\t\t\t\t\t<\/div>\n\t\t\t\t\t\t\t\t\t<div class=\"elementor-grid-item\" role=\"listitem\">\n\t\t\t\t\t\t<div class=\"elementor-share-btn elementor-share-btn_linkedin\" role=\"button\" tabindex=\"0\" aria-label=\"Condividi su linkedin\">\n\t\t\t\t\t\t\t\t\t\t\t\t\t\t\t<span class=\"elementor-share-btn__icon\">\n\t\t\t\t\t\t\t\t<i class=\"fab fa-linkedin\" aria-hidden=\"true\"><\/i>\t\t\t\t\t\t\t<\/span>\n\t\t\t\t\t\t\t\t\t\t\t\t\t\t\t\t\t\t\t\t\t\t<div class=\"elementor-share-btn__text\">\n\t\t\t\t\t\t\t\t\t\t\t\t\t\t\t\t\t\t\t<span class=\"elementor-share-btn__title\">\n\t\t\t\t\t\t\t\t\t\tLinkedIn\t\t\t\t\t\t\t\t\t<\/span>\n\t\t\t\t\t\t\t\t\t\t\t\t\t\t\t\t\t<\/div>\n\t\t\t\t\t\t\t\t\t\t\t\t\t<\/div>\n\t\t\t\t\t<\/div>\n\t\t\t\t\t\t<\/div>\n\t\t\t\t\t\t<\/div>\n\t\t\t\t<\/div>\n\t\t\t\t\t<\/div>\n\t\t<\/div>\n\t\t\t\t\t<\/div>\n\t\t<\/section>\n\t\t\t\t<\/div>","protected":false},"excerpt":{"rendered":"<p>A selection of international artists pay tribute to the Universal Genius in an exhibition displayed in Leonardo's hometown. <\/p>","protected":false},"author":1,"featured_media":15155,"comment_status":"closed","ping_status":"closed","sticky":false,"template":"elementor_header_footer","format":"standard","meta":{"site-sidebar-layout":"default","site-content-layout":"","ast-site-content-layout":"default","site-content-style":"default","site-sidebar-style":"default","ast-global-header-display":"","ast-banner-title-visibility":"","ast-main-header-display":"","ast-hfb-above-header-display":"","ast-hfb-below-header-display":"","ast-hfb-mobile-header-display":"","site-post-title":"","ast-breadcrumbs-content":"","ast-featured-img":"","footer-sml-layout":"","ast-disable-related-posts":"","theme-transparent-header-meta":"","adv-header-id-meta":"","stick-header-meta":"","header-above-stick-meta":"","header-main-stick-meta":"","header-below-stick-meta":"","astra-migrate-meta-layouts":"set","ast-page-background-enabled":"default","ast-page-background-meta":{"desktop":{"background-color":"var(--ast-global-color-4)","background-image":"","background-repeat":"repeat","background-position":"center center","background-size":"auto","background-attachment":"scroll","background-type":"","background-media":"","overlay-type":"","overlay-color":"","overlay-opacity":"","overlay-gradient":""},"tablet":{"background-color":"","background-image":"","background-repeat":"repeat","background-position":"center center","background-size":"auto","background-attachment":"scroll","background-type":"","background-media":"","overlay-type":"","overlay-color":"","overlay-opacity":"","overlay-gradient":""},"mobile":{"background-color":"","background-image":"","background-repeat":"repeat","background-position":"center center","background-size":"auto","background-attachment":"scroll","background-type":"","background-media":"","overlay-type":"","overlay-color":"","overlay-opacity":"","overlay-gradient":""}},"ast-content-background-meta":{"desktop":{"background-color":"var(--ast-global-color-5)","background-image":"","background-repeat":"repeat","background-position":"center center","background-size":"auto","background-attachment":"scroll","background-type":"","background-media":"","overlay-type":"","overlay-color":"","overlay-opacity":"","overlay-gradient":""},"tablet":{"background-color":"var(--ast-global-color-5)","background-image":"","background-repeat":"repeat","background-position":"center center","background-size":"auto","background-attachment":"scroll","background-type":"","background-media":"","overlay-type":"","overlay-color":"","overlay-opacity":"","overlay-gradient":""},"mobile":{"background-color":"var(--ast-global-color-5)","background-image":"","background-repeat":"repeat","background-position":"center center","background-size":"auto","background-attachment":"scroll","background-type":"","background-media":"","overlay-type":"","overlay-color":"","overlay-opacity":"","overlay-gradient":""}},"footnotes":""},"categories":[30],"tags":[],"class_list":["post-14842","post","type-post","status-publish","format-standard","has-post-thumbnail","hentry","category-mostre-internazionali"],"yoast_head":"<!-- This site is optimized with the Yoast SEO plugin v27.4 - https:\/\/yoast.com\/product\/yoast-seo-wordpress\/ -->\n<title>LE VIE DI LEONARDO DA VINCI: Mostra d&#039;arte internazionale | Artestruttura<\/title>\n<meta name=\"description\" content=\"Mostra itinerante internazionale dedicata a Leonardo da Vinci che presenta artisti provenienti da Italia, Francia, Slovenia e Turchia.\" \/>\n<meta name=\"robots\" content=\"index, follow, max-snippet:-1, max-image-preview:large, max-video-preview:-1\" \/>\n<link rel=\"canonical\" href=\"https:\/\/artestruttura.it\/en\/le-vie-di-leonardo-da-vinci\/\" \/>\n<meta property=\"og:locale\" content=\"en_GB\" \/>\n<meta property=\"og:type\" content=\"article\" \/>\n<meta property=\"og:title\" content=\"LE VIE DI LEONARDO DA VINCI: Mostra d&#039;arte internazionale | Artestruttura\" \/>\n<meta property=\"og:description\" content=\"Mostra itinerante internazionale dedicata a Leonardo da Vinci che presenta artisti provenienti da Italia, Francia, Slovenia e Turchia.\" \/>\n<meta property=\"og:url\" content=\"https:\/\/artestruttura.it\/en\/le-vie-di-leonardo-da-vinci\/\" \/>\n<meta property=\"og:site_name\" content=\"Artestruttura\" \/>\n<meta property=\"article:publisher\" content=\"https:\/\/www.facebook.com\/Artestruttura\" \/>\n<meta property=\"article:published_time\" content=\"2024-04-13T19:00:00+00:00\" \/>\n<meta property=\"article:modified_time\" content=\"2024-07-26T16:29:22+00:00\" \/>\n<meta property=\"og:image\" content=\"https:\/\/artestruttura.it\/wp-content\/uploads\/2024\/07\/le-vie-di-leonardo-da-vinci-articolo.jpg\" \/>\n\t<meta property=\"og:image:width\" content=\"800\" \/>\n\t<meta property=\"og:image:height\" content=\"800\" \/>\n\t<meta property=\"og:image:type\" content=\"image\/jpeg\" \/>\n<meta name=\"author\" content=\"Morgan Caneva\" \/>\n<meta name=\"twitter:card\" content=\"summary_large_image\" \/>\n<script type=\"application\/ld+json\" class=\"yoast-schema-graph\">{\"@context\":\"https:\\\/\\\/schema.org\",\"@graph\":[{\"@type\":\"Article\",\"@id\":\"https:\\\/\\\/artestruttura.it\\\/le-vie-di-leonardo-da-vinci\\\/#article\",\"isPartOf\":{\"@id\":\"https:\\\/\\\/artestruttura.it\\\/le-vie-di-leonardo-da-vinci\\\/\"},\"author\":{\"name\":\"Morgan Caneva\",\"@id\":\"https:\\\/\\\/artestruttura.it\\\/#\\\/schema\\\/person\\\/34144e6ceb1135faf6247190be3f235c\"},\"headline\":\"LE VIE DI LEONARDO DA VINCI\",\"datePublished\":\"2024-04-13T19:00:00+00:00\",\"dateModified\":\"2024-07-26T16:29:22+00:00\",\"mainEntityOfPage\":{\"@id\":\"https:\\\/\\\/artestruttura.it\\\/le-vie-di-leonardo-da-vinci\\\/\"},\"wordCount\":318,\"publisher\":{\"@id\":\"https:\\\/\\\/artestruttura.it\\\/#organization\"},\"image\":{\"@id\":\"https:\\\/\\\/artestruttura.it\\\/le-vie-di-leonardo-da-vinci\\\/#primaryimage\"},\"thumbnailUrl\":\"https:\\\/\\\/artestruttura.it\\\/wp-content\\\/uploads\\\/2024\\\/07\\\/le-vie-di-leonardo-da-vinci-articolo.jpg\",\"articleSection\":[\"Mostre internazionali\"],\"inLanguage\":\"en-GB\"},{\"@type\":\"WebPage\",\"@id\":\"https:\\\/\\\/artestruttura.it\\\/le-vie-di-leonardo-da-vinci\\\/\",\"url\":\"https:\\\/\\\/artestruttura.it\\\/le-vie-di-leonardo-da-vinci\\\/\",\"name\":\"LE VIE DI LEONARDO DA VINCI: Mostra d'arte internazionale | Artestruttura\",\"isPartOf\":{\"@id\":\"https:\\\/\\\/artestruttura.it\\\/#website\"},\"primaryImageOfPage\":{\"@id\":\"https:\\\/\\\/artestruttura.it\\\/le-vie-di-leonardo-da-vinci\\\/#primaryimage\"},\"image\":{\"@id\":\"https:\\\/\\\/artestruttura.it\\\/le-vie-di-leonardo-da-vinci\\\/#primaryimage\"},\"thumbnailUrl\":\"https:\\\/\\\/artestruttura.it\\\/wp-content\\\/uploads\\\/2024\\\/07\\\/le-vie-di-leonardo-da-vinci-articolo.jpg\",\"datePublished\":\"2024-04-13T19:00:00+00:00\",\"dateModified\":\"2024-07-26T16:29:22+00:00\",\"description\":\"Mostra itinerante internazionale dedicata a Leonardo da Vinci che presenta artisti provenienti da Italia, Francia, Slovenia e Turchia.\",\"breadcrumb\":{\"@id\":\"https:\\\/\\\/artestruttura.it\\\/le-vie-di-leonardo-da-vinci\\\/#breadcrumb\"},\"inLanguage\":\"en-GB\",\"potentialAction\":[{\"@type\":\"ReadAction\",\"target\":[\"https:\\\/\\\/artestruttura.it\\\/le-vie-di-leonardo-da-vinci\\\/\"]}]},{\"@type\":\"ImageObject\",\"inLanguage\":\"en-GB\",\"@id\":\"https:\\\/\\\/artestruttura.it\\\/le-vie-di-leonardo-da-vinci\\\/#primaryimage\",\"url\":\"https:\\\/\\\/artestruttura.it\\\/wp-content\\\/uploads\\\/2024\\\/07\\\/le-vie-di-leonardo-da-vinci-articolo.jpg\",\"contentUrl\":\"https:\\\/\\\/artestruttura.it\\\/wp-content\\\/uploads\\\/2024\\\/07\\\/le-vie-di-leonardo-da-vinci-articolo.jpg\",\"width\":800,\"height\":800,\"caption\":\"\\\"Le Vie di Leonardo da Vinci\\\" articolo\"},{\"@type\":\"BreadcrumbList\",\"@id\":\"https:\\\/\\\/artestruttura.it\\\/le-vie-di-leonardo-da-vinci\\\/#breadcrumb\",\"itemListElement\":[{\"@type\":\"ListItem\",\"position\":1,\"name\":\"Home\",\"item\":\"https:\\\/\\\/artestruttura.it\\\/\"},{\"@type\":\"ListItem\",\"position\":2,\"name\":\"LE VIE DI LEONARDO DA VINCI\"}]},{\"@type\":\"WebSite\",\"@id\":\"https:\\\/\\\/artestruttura.it\\\/#website\",\"url\":\"https:\\\/\\\/artestruttura.it\\\/\",\"name\":\"Artestruttura\",\"description\":\"servizi per l&#039;arte\",\"publisher\":{\"@id\":\"https:\\\/\\\/artestruttura.it\\\/#organization\"},\"potentialAction\":[{\"@type\":\"SearchAction\",\"target\":{\"@type\":\"EntryPoint\",\"urlTemplate\":\"https:\\\/\\\/artestruttura.it\\\/?s={search_term_string}\"},\"query-input\":{\"@type\":\"PropertyValueSpecification\",\"valueRequired\":true,\"valueName\":\"search_term_string\"}}],\"inLanguage\":\"en-GB\"},{\"@type\":\"Organization\",\"@id\":\"https:\\\/\\\/artestruttura.it\\\/#organization\",\"name\":\"Artestruttura\",\"url\":\"https:\\\/\\\/artestruttura.it\\\/\",\"logo\":{\"@type\":\"ImageObject\",\"inLanguage\":\"en-GB\",\"@id\":\"https:\\\/\\\/artestruttura.it\\\/#\\\/schema\\\/logo\\\/image\\\/\",\"url\":\"https:\\\/\\\/artestruttura.it\\\/wp-content\\\/uploads\\\/2021\\\/11\\\/logo-Artestruttura.png\",\"contentUrl\":\"https:\\\/\\\/artestruttura.it\\\/wp-content\\\/uploads\\\/2021\\\/11\\\/logo-Artestruttura.png\",\"width\":800,\"height\":800,\"caption\":\"Artestruttura\"},\"image\":{\"@id\":\"https:\\\/\\\/artestruttura.it\\\/#\\\/schema\\\/logo\\\/image\\\/\"},\"sameAs\":[\"https:\\\/\\\/www.facebook.com\\\/Artestruttura\",\"https:\\\/\\\/www.instagram.com\\\/artestruttura\",\"https:\\\/\\\/www.linkedin.com\\\/company\\\/artestruttura\"]},{\"@type\":\"Person\",\"@id\":\"https:\\\/\\\/artestruttura.it\\\/#\\\/schema\\\/person\\\/34144e6ceb1135faf6247190be3f235c\",\"name\":\"Morgan Caneva\",\"image\":{\"@type\":\"ImageObject\",\"inLanguage\":\"en-GB\",\"@id\":\"https:\\\/\\\/secure.gravatar.com\\\/avatar\\\/b3cc9bde5bf67a623b88282253617f9dbe6be473380bbd69c99bf68bc0b2bf1b?s=96&d=mm&r=g\",\"url\":\"https:\\\/\\\/secure.gravatar.com\\\/avatar\\\/b3cc9bde5bf67a623b88282253617f9dbe6be473380bbd69c99bf68bc0b2bf1b?s=96&d=mm&r=g\",\"contentUrl\":\"https:\\\/\\\/secure.gravatar.com\\\/avatar\\\/b3cc9bde5bf67a623b88282253617f9dbe6be473380bbd69c99bf68bc0b2bf1b?s=96&d=mm&r=g\",\"caption\":\"Morgan Caneva\"},\"sameAs\":[\"https:\\\/\\\/artestruttura.it\"]}]}<\/script>\n<!-- \/ Yoast SEO plugin. -->","yoast_head_json":{"title":"LE VIE DI LEONARDO DA VINCI: Mostra d'arte internazionale | Artestruttura","description":"Mostra itinerante internazionale dedicata a Leonardo da Vinci che presenta artisti provenienti da Italia, Francia, Slovenia e Turchia.","robots":{"index":"index","follow":"follow","max-snippet":"max-snippet:-1","max-image-preview":"max-image-preview:large","max-video-preview":"max-video-preview:-1"},"canonical":"https:\/\/artestruttura.it\/en\/le-vie-di-leonardo-da-vinci\/","og_locale":"en_GB","og_type":"article","og_title":"LE VIE DI LEONARDO DA VINCI: Mostra d'arte internazionale | Artestruttura","og_description":"Mostra itinerante internazionale dedicata a Leonardo da Vinci che presenta artisti provenienti da Italia, Francia, Slovenia e Turchia.","og_url":"https:\/\/artestruttura.it\/en\/le-vie-di-leonardo-da-vinci\/","og_site_name":"Artestruttura","article_publisher":"https:\/\/www.facebook.com\/Artestruttura","article_published_time":"2024-04-13T19:00:00+00:00","article_modified_time":"2024-07-26T16:29:22+00:00","og_image":[{"width":800,"height":800,"url":"https:\/\/artestruttura.it\/wp-content\/uploads\/2024\/07\/le-vie-di-leonardo-da-vinci-articolo.jpg","type":"image\/jpeg"}],"author":"Morgan Caneva","twitter_card":"summary_large_image","schema":{"@context":"https:\/\/schema.org","@graph":[{"@type":"Article","@id":"https:\/\/artestruttura.it\/le-vie-di-leonardo-da-vinci\/#article","isPartOf":{"@id":"https:\/\/artestruttura.it\/le-vie-di-leonardo-da-vinci\/"},"author":{"name":"Morgan Caneva","@id":"https:\/\/artestruttura.it\/#\/schema\/person\/34144e6ceb1135faf6247190be3f235c"},"headline":"LE VIE DI LEONARDO DA VINCI","datePublished":"2024-04-13T19:00:00+00:00","dateModified":"2024-07-26T16:29:22+00:00","mainEntityOfPage":{"@id":"https:\/\/artestruttura.it\/le-vie-di-leonardo-da-vinci\/"},"wordCount":318,"publisher":{"@id":"https:\/\/artestruttura.it\/#organization"},"image":{"@id":"https:\/\/artestruttura.it\/le-vie-di-leonardo-da-vinci\/#primaryimage"},"thumbnailUrl":"https:\/\/artestruttura.it\/wp-content\/uploads\/2024\/07\/le-vie-di-leonardo-da-vinci-articolo.jpg","articleSection":["Mostre internazionali"],"inLanguage":"en-GB"},{"@type":"WebPage","@id":"https:\/\/artestruttura.it\/le-vie-di-leonardo-da-vinci\/","url":"https:\/\/artestruttura.it\/le-vie-di-leonardo-da-vinci\/","name":"LE VIE DI LEONARDO DA VINCI: Mostra d'arte internazionale | Artestruttura","isPartOf":{"@id":"https:\/\/artestruttura.it\/#website"},"primaryImageOfPage":{"@id":"https:\/\/artestruttura.it\/le-vie-di-leonardo-da-vinci\/#primaryimage"},"image":{"@id":"https:\/\/artestruttura.it\/le-vie-di-leonardo-da-vinci\/#primaryimage"},"thumbnailUrl":"https:\/\/artestruttura.it\/wp-content\/uploads\/2024\/07\/le-vie-di-leonardo-da-vinci-articolo.jpg","datePublished":"2024-04-13T19:00:00+00:00","dateModified":"2024-07-26T16:29:22+00:00","description":"Mostra itinerante internazionale dedicata a Leonardo da Vinci che presenta artisti provenienti da Italia, Francia, Slovenia e Turchia.","breadcrumb":{"@id":"https:\/\/artestruttura.it\/le-vie-di-leonardo-da-vinci\/#breadcrumb"},"inLanguage":"en-GB","potentialAction":[{"@type":"ReadAction","target":["https:\/\/artestruttura.it\/le-vie-di-leonardo-da-vinci\/"]}]},{"@type":"ImageObject","inLanguage":"en-GB","@id":"https:\/\/artestruttura.it\/le-vie-di-leonardo-da-vinci\/#primaryimage","url":"https:\/\/artestruttura.it\/wp-content\/uploads\/2024\/07\/le-vie-di-leonardo-da-vinci-articolo.jpg","contentUrl":"https:\/\/artestruttura.it\/wp-content\/uploads\/2024\/07\/le-vie-di-leonardo-da-vinci-articolo.jpg","width":800,"height":800,"caption":"\"Le Vie di Leonardo da Vinci\" articolo"},{"@type":"BreadcrumbList","@id":"https:\/\/artestruttura.it\/le-vie-di-leonardo-da-vinci\/#breadcrumb","itemListElement":[{"@type":"ListItem","position":1,"name":"Home","item":"https:\/\/artestruttura.it\/"},{"@type":"ListItem","position":2,"name":"LE VIE DI LEONARDO DA VINCI"}]},{"@type":"WebSite","@id":"https:\/\/artestruttura.it\/#website","url":"https:\/\/artestruttura.it\/","name":"Artestruttura","description":"servizi per l&#039;arte","publisher":{"@id":"https:\/\/artestruttura.it\/#organization"},"potentialAction":[{"@type":"SearchAction","target":{"@type":"EntryPoint","urlTemplate":"https:\/\/artestruttura.it\/?s={search_term_string}"},"query-input":{"@type":"PropertyValueSpecification","valueRequired":true,"valueName":"search_term_string"}}],"inLanguage":"en-GB"},{"@type":"Organization","@id":"https:\/\/artestruttura.it\/#organization","name":"Artestruttura","url":"https:\/\/artestruttura.it\/","logo":{"@type":"ImageObject","inLanguage":"en-GB","@id":"https:\/\/artestruttura.it\/#\/schema\/logo\/image\/","url":"https:\/\/artestruttura.it\/wp-content\/uploads\/2021\/11\/logo-Artestruttura.png","contentUrl":"https:\/\/artestruttura.it\/wp-content\/uploads\/2021\/11\/logo-Artestruttura.png","width":800,"height":800,"caption":"Artestruttura"},"image":{"@id":"https:\/\/artestruttura.it\/#\/schema\/logo\/image\/"},"sameAs":["https:\/\/www.facebook.com\/Artestruttura","https:\/\/www.instagram.com\/artestruttura","https:\/\/www.linkedin.com\/company\/artestruttura"]},{"@type":"Person","@id":"https:\/\/artestruttura.it\/#\/schema\/person\/34144e6ceb1135faf6247190be3f235c","name":"Morgan Caneva","image":{"@type":"ImageObject","inLanguage":"en-GB","@id":"https:\/\/secure.gravatar.com\/avatar\/b3cc9bde5bf67a623b88282253617f9dbe6be473380bbd69c99bf68bc0b2bf1b?s=96&d=mm&r=g","url":"https:\/\/secure.gravatar.com\/avatar\/b3cc9bde5bf67a623b88282253617f9dbe6be473380bbd69c99bf68bc0b2bf1b?s=96&d=mm&r=g","contentUrl":"https:\/\/secure.gravatar.com\/avatar\/b3cc9bde5bf67a623b88282253617f9dbe6be473380bbd69c99bf68bc0b2bf1b?s=96&d=mm&r=g","caption":"Morgan Caneva"},"sameAs":["https:\/\/artestruttura.it"]}]}},"_links":{"self":[{"href":"https:\/\/artestruttura.it\/en\/wp-json\/wp\/v2\/posts\/14842","targetHints":{"allow":["GET"]}}],"collection":[{"href":"https:\/\/artestruttura.it\/en\/wp-json\/wp\/v2\/posts"}],"about":[{"href":"https:\/\/artestruttura.it\/en\/wp-json\/wp\/v2\/types\/post"}],"author":[{"embeddable":true,"href":"https:\/\/artestruttura.it\/en\/wp-json\/wp\/v2\/users\/1"}],"replies":[{"embeddable":true,"href":"https:\/\/artestruttura.it\/en\/wp-json\/wp\/v2\/comments?post=14842"}],"version-history":[{"count":17,"href":"https:\/\/artestruttura.it\/en\/wp-json\/wp\/v2\/posts\/14842\/revisions"}],"predecessor-version":[{"id":15187,"href":"https:\/\/artestruttura.it\/en\/wp-json\/wp\/v2\/posts\/14842\/revisions\/15187"}],"wp:featuredmedia":[{"embeddable":true,"href":"https:\/\/artestruttura.it\/en\/wp-json\/wp\/v2\/media\/15155"}],"wp:attachment":[{"href":"https:\/\/artestruttura.it\/en\/wp-json\/wp\/v2\/media?parent=14842"}],"wp:term":[{"taxonomy":"category","embeddable":true,"href":"https:\/\/artestruttura.it\/en\/wp-json\/wp\/v2\/categories?post=14842"},{"taxonomy":"post_tag","embeddable":true,"href":"https:\/\/artestruttura.it\/en\/wp-json\/wp\/v2\/tags?post=14842"}],"curies":[{"name":"wp","href":"https:\/\/api.w.org\/{rel}","templated":true}]}}